[{"@context":"https:\/\/schema.org\/","@type":"Article","@id":"https:\/\/www.raboworkx.nl\/osemetna-politika\/#Article","mainEntityOfPage":"https:\/\/www.raboworkx.nl\/osemetna-politika\/","headline":"o\u0161emetn\u00e1 politika","name":"o\u0161emetn\u00e1 politika","description":"Politika je n\u011bco\u3001je takov\u00e9 velice zaj\u00edmav\u00e9\u3001o\u0161emetn\u00e9 t\u00e9ma,proto\u017ee lid\u00e9,kte\u0159\u00ed se t\u0159eba nap\u0159\u00edklad zaj\u00edmaj\u00ed opravdu hodn\u011b O politiku tak tak\u00e9 mus\u00ed po\u010d\u00edtat s t\u00edm,\u017ee vlastn\u011b ne v\u0161ichni lid\u00e9 kolem Nich V okol\u00ed jejich rodin\u011b,budou m\u00edt stejn\u00e9 n\u00e1zory na politiku,jako Maji\u9b3c. A to tak\u00e9 pr\u00e1v\u011b potom p\u0159ipad\u00e1v\u011bvahu,\u0161e se potom tak\u00e9 lid\u00e9 opravdu\u010dasto h\u00e1daj\u00ed. \u3042\u3042\u3001\u30c8\u30e0\u3001\u79c1\u306f\u8a93\u3046\u3002 \u30e4\u30fc\u5b66se pr\u00e1v\u011b tehdy poh\u00e1dala [&hellip;]","datePublished":"2024-01-08","dateModified":"2024-01-08","author":{"@type":"Person","@id":"https:\/\/www.raboworkx.nl\/author\/devene\/#Person","name":"devene","url":"https:\/\/www.raboworkx.nl\/author\/devene\/","identifier":1,"image":{"@type":"ImageObject","@id":"https:\/\/secure.gravatar.com\/avatar\/bac9badfec1c8ddbfb42cc2a45bdd424bcac2f01b51b95470cbfd0bab9e793fd?s=96&d=mm&r=g","url":"https:\/\/secure.gravatar.com\/avatar\/bac9badfec1c8ddbfb42cc2a45bdd424bcac2f01b51b95470cbfd0bab9e793fd?s=96&d=mm&r=g","height":96,"width":96}},"publisher":{"@type":"Organization","name":"raboworkx.nl","logo":{"@type":"ImageObject","@id":"\/logo.png","url":"\/logo.png","width":600,"height":60}},"image":{"@type":"ImageObject","@id":"https:\/\/www.raboworkx.nl\/wp-content\/uploads\/world-3258865_1280.jpg","url":"https:\/\/www.raboworkx.nl\/wp-content\/uploads\/world-3258865_1280.jpg","height":0,"width":0},"url":"https:\/\/www.raboworkx.nl\/osemetna-politika\/","about":["Beleid"],"wordCount":399,"articleBody":"Politika je n\u011bco\u3001je takov\u00e9 velice zaj\u00edmav\u00e9\u3001o\u0161emetn\u00e9 t\u00e9ma,proto\u017ee lid\u00e9,kte\u0159\u00ed se t\u0159eba nap\u0159\u00edklad zaj\u00edmaj\u00ed opravdu hodn\u011b O politiku tak tak\u00e9 mus\u00ed po\u010d\u00edtat s t\u00edm,\u017ee vlastn\u011b ne v\u0161ichni lid\u00e9 kolem Nich V okol\u00ed jejich rodin\u011b,budou m\u00edt stejn\u00e9 n\u00e1zory na politiku,jako Maji\u9b3c. A to tak\u00e9 pr\u00e1v\u011b potom p\u0159ipad\u00e1v\u011bvahu,\u0161e se potom tak\u00e9 lid\u00e9 opravdu\u010dasto h\u00e1daj\u00ed. \u3042\u3042\u3001\u30c8\u30e0\u3001\u79c1\u306f\u8a93\u3046\u3002 \u30e4\u30fc\u5b66se pr\u00e1v\u011b tehdy poh\u00e1dala minule s m\u00fdm otcem,kter\u00fd pr\u00e1v\u011b \u0159\u00edkal,\u017ee kterou politickou stranu m\u00e1m v\u016fbec r\u00e1da. J\u00e1 jsem mu Tedy\u010dekla svou politikou stranu anebo politika,kter\u011bm\u011b docela zaj\u00edm\u00e1 a se kter\u011bmi jeho n\u00e1zory j\u00e1 souhlas\u00edm.Otec se na m\u00fa opravdu hodn\u00fana\u00fatval,v\u00fabecnech\u00e1pal,.&#8221;Jak j\u00e1 pr\u011b tohle m\u011bu v\u011bbec dopustit,\u0161e bych m\u011bla r\u00e1da zrovna tohoto politika. Ale Co je na tom divn\u00e9ho? V\u017edy\u0165 se neptal,kdyby se m\u011b neptal tak vlastn\u011b bere\u3092tak\u3001\u017ee m\u00e1m\u57fa\u5e79\u7814\u7a76\u6240r\u00e1da politiku stejn\u011b jako\u3001jenom\u017ee takhle.nen\u00ed,ka\u0161d\u011bm\u00e1sv\u011bjn\u00e1zor. J\u00e1m\u00e1m tak\u00e9 sv\u00e9n\u00e1zory na politiku,m\u00e1m\u00e1zory negativn\u00ed,a dokonce I pozitivn\u00ed,ale tak\u00e9m\u00e1m neutr\u00e1ln\u00edn\u00e1zory na politiku. \u30c8\u30c8si mysl\u00edm,\u017ee kdy\u017e \u010dlov\u011bk m\u00e1 n\u011bjak\u00e9 n\u00e1zory na politiku anebo na ur\u010dit\u00e9ho politika anebo na vl\u00e1du\u3001\u3001\u306ese p\u0159ece \u010dlov\u011bk na n\u011bho nem\u011bl zlobit. je to prost\u011bka\u0161d\u00e9hon\u00e1zor. J\u00e1 tak\u00e9 vyzn\u00e1v\u00e1m ur\u010dit\u00fd druh politiky anebo politick\u00e9 strany,\u30a8\u30fc\u30ebkdy\u017e n\u011bkdo m\u00e1 \u00fapln\u011b prav\u00fd opak tak j\u00e1 se taky na n\u011bj nezlob\u00edm\u3001norm\u00e1ln\u011b se s t\u00edm \u010dlov\u011bkem mohu bavit. Dokonce tak\u00e9 kamar\u00e1d\u00edm. Ka\u017ed\u00fd m\u00e1 jin\u00e9 n\u00e1zory\u3001tipy anebo rady,tak\u017ee prost\u011b Tady nem\u016f\u017eete \u010dlov\u011bku nad\u00e1vat,\u017ee\u306bm\u00e1 t\u0159eba jin\u00e9 politick\u00e9 n\u00e1zory\u3001\u017ee se t\u0159eba zaj\u00edm\u00e1 O politiku,nebo \u017ee se t\u0159eba O politiku v\u016fbec nezaj\u00edm\u00e1. Moje maminka se t\u0159eba O politiku v\u011bbec nezaj\u00edm\u00e1,proto\u010de\u010dnebav\u00ed se h\u00e1dat tady,elpotom nast\u00e1v\u00e1ot\u00e1zka,pro\u0161?se m\u00fala h\u00e1dat,pro\u00fa?\u30bb\u30fb\u30e0\u30e9\u30fb\u30b9\u30c6\u30a3\u30c9\u30fc\u30c8?\u30b9\u30f4\u30a7\u30fc-\u30ca\u30be\u30ea\u30fc\uff1f Nebo za to jako Ona politikou stranu vyzn\u00e1v\u00e1?\u00a0Tady Mi p\u0159ijde takov\u00e9 divn\u00e9.\u00a0                                                                                                                                                                                                                                                                                                                                                                                           3.9\/5 - (7 stemmen)        "},{"@context":"https:\/\/schema.org\/","@type":"BreadcrumbList","itemListElement":[{"@type":"ListItem","position":1,"name":"o\u0161emetn\u00e1 politika","item":"https:\/\/www.raboworkx.nl\/osemetna-politika\/#breadcrumbitem"}]}]